{"id":2980,"date":"2023-11-25T16:38:42","date_gmt":"2023-11-25T15:38:42","guid":{"rendered":"https:\/\/herojimostara.ba\/?p=2980"},"modified":"2025-04-02T08:46:24","modified_gmt":"2025-04-02T06:46:24","slug":"41-motorizovana-brigada-slavna","status":"publish","type":"post","link":"https:\/\/herojimostara.ba\/?p=2980","title":{"rendered":"41. motorizovana brigada &#8220;Slavna&#8221;"},"content":{"rendered":"\t\t<div data-elementor-type=\"wp-post\" data-elementor-id=\"2980\" class=\"elementor elementor-2980\" data-elementor-settings=\"{&quot;ha_cmc_init_switcher&quot;:&quot;no&quot;}\">\n\t\t\t\t\t\t<section class=\"elementor-section elementor-top-section elementor-element elementor-element-e2c94f2 elementor-section-boxed elementor-section-height-default elementor-section-height-default wpr-particle-no wpr-jarallax-no wpr-parallax-no wpr-sticky-section-no wpr-equal-height-no\" data-id=\"e2c94f2\" data-element_type=\"section\" data-e-type=\"section\" data-settings=\"{&quot;_ha_eqh_enable&quot;:false}\">\n\t\t\t\t\t\t<div class=\"elementor-container elementor-column-gap-default\">\n\t\t\t\t\t<div class=\"elementor-column elementor-col-100 elementor-top-column elementor-element elementor-element-2bf2724\" data-id=\"2bf2724\" data-element_type=\"column\" data-e-type=\"column\">\n\t\t\t<div class=\"elementor-widget-wrap elementor-element-populated\">\n\t\t\t\t\t\t<div class=\"elementor-element elementor-element-b3485b7 elementor-widget elementor-widget-text-editor\" data-id=\"b3485b7\" data-element_type=\"widget\" data-e-type=\"widget\" data-widget_type=\"text-editor.default\">\n\t\t\t\t<div class=\"elementor-widget-container\">\n\t\t\t\t\t\t\t\t\t<p>Formiranjem 4. korpusa Armije RBiH, nakon odluke \u0160taba Vrhovne komande oru\u017eanih snaga BiH (broj 02\/1091.304 od 17. 11. 1992. godine), Naredbom komandanta 4. korpusa Arifa Pa\u0161ali\u0107a (broj 1065-1 od 24. 11. 1992. godine) Prva mostarska brigada ulazi u njegov sastav.<\/p><p>Nakon Naredbe o ulasku Brigade u strukture i sastav 4. korpusa, uslijedila je Naredba komandanta 4. korpusa ARBiH o novom unutra\u0161njem organizacijskom ustrojstvu Brigade i njoj pot\u010dinjenih jedinica.<\/p><p>Organizacijskim ustrojstvom ARBiH, odnosno jedinica 4. korpusa, Prva mostarska brigada je u aprilu 1993. godine preimenovana u 41. motorizovanu brigadu, kada dobija i po\u010dasni naziv Slavna.<\/p>\t\t\t\t\t\t\t\t<\/div>\n\t\t\t\t<\/div>\n\t\t\t\t<div class=\"elementor-element elementor-element-fe19b8c elementor-widget elementor-widget-heading\" data-id=\"fe19b8c\" data-element_type=\"widget\" data-e-type=\"widget\" data-widget_type=\"heading.default\">\n\t\t\t\t<div class=\"elementor-widget-container\">\n\t\t\t\t\t<h4 class=\"elementor-heading-title elementor-size-default\">Komandanti 41. Slavne mtbr<\/h4>\t\t\t\t<\/div>\n\t\t\t\t<\/div>\n\t\t\t\t<div class=\"elementor-element elementor-element-66b6143 elementor-widget elementor-widget-spacer\" data-id=\"66b6143\" data-element_type=\"widget\" data-e-type=\"widget\" data-widget_type=\"spacer.default\">\n\t\t\t\t<div class=\"elementor-widget-container\">\n\t\t\t\t\t\t\t<div class=\"elementor-spacer\">\n\t\t\t<div class=\"elementor-spacer-inner\"><\/div>\n\t\t<\/div>\n\t\t\t\t\t\t<\/div>\n\t\t\t\t<\/div>\n\t\t\t\t\t<\/div>\n\t\t<\/div>\n\t\t\t\t\t<\/div>\n\t\t<\/section>\n\t\t\t\t<section class=\"elementor-section elementor-top-section elementor-element elementor-element-a25e846 elementor-section-boxed elementor-section-height-default elementor-section-height-default wpr-particle-no wpr-jarallax-no wpr-parallax-no wpr-sticky-section-no wpr-equal-height-no\" data-id=\"a25e846\" data-element_type=\"section\" data-e-type=\"section\" data-settings=\"{&quot;_ha_eqh_enable&quot;:false}\">\n\t\t\t\t\t\t<div class=\"elementor-container elementor-column-gap-default\">\n\t\t\t\t\t<div class=\"elementor-column elementor-col-25 elementor-top-column elementor-element elementor-element-495f3b2\" data-id=\"495f3b2\" data-element_type=\"column\" data-e-type=\"column\">\n\t\t\t<div class=\"elementor-widget-wrap elementor-element-populated\">\n\t\t\t\t\t\t<div class=\"elementor-element elementor-element-030e525 wpr-team-member-divider-center elementor-widget elementor-widget-wpr-team-member\" data-id=\"030e525\" data-element_type=\"widget\" data-e-type=\"widget\" data-widget_type=\"wpr-team-member.default\">\n\t\t\t\t<div class=\"elementor-widget-container\">\n\t\t\t\t\t\n\t<div class=\"wpr-team-member\">\n\t\t\t\t\t\n\t\t\t<div class=\"wpr-member-media\">\n\t\t\t\t<div class=\"wpr-member-image\">\n\t\t\t\t\t<img decoding=\"async\" src=\"https:\/\/herojimostara.ba\/wp-content\/uploads\/2023\/11\/lovac.jpg\" alt=\"Semir&lt;br&gt;Drljevi\u0107\">\n\t\t\t\t<\/div>\n\t\t\t\t\t\t\t<\/div>\n\t\t\t\t\n\t\t\n\t\t<div class=\"wpr-member-content\">\n\t\t\t<h3 class=\"wpr-member-name\">Semir<br>Drljevi\u0107<\/h3>\n\t\t\t\n\t\t\t\t\t\t\t<div class=\"wpr-member-job\">brigadir<\/div>\n\t\t\t\n\t\t\t\t\t\t\t<div class=\"wpr-member-divider\"><\/div>\n\t\t\t\n\t\t\t\t\t\t\t<div class=\"wpr-member-description\">komandant 41. mtbr\n1993.<\/div>\n\t\t\t\t\t\t\n\t\t\t\t\t<\/div>\n\n\t\t\t<\/div>\n\n\t\t\t\t\t<\/div>\n\t\t\t\t<\/div>\n\t\t\t\t\t<\/div>\n\t\t<\/div>\n\t\t\t\t<div class=\"elementor-column elementor-col-25 elementor-top-column elementor-element elementor-element-bdb4484\" data-id=\"bdb4484\" data-element_type=\"column\" data-e-type=\"column\">\n\t\t\t<div class=\"elementor-widget-wrap elementor-element-populated\">\n\t\t\t\t\t\t<div class=\"elementor-element elementor-element-6a31297 wpr-team-member-divider-center elementor-widget elementor-widget-wpr-team-member\" data-id=\"6a31297\" data-element_type=\"widget\" data-e-type=\"widget\" data-widget_type=\"wpr-team-member.default\">\n\t\t\t\t<div class=\"elementor-widget-container\">\n\t\t\t\t\t\n\t<div class=\"wpr-team-member\">\n\t\t\t\t\t\n\t\t\t<div class=\"wpr-member-media\">\n\t\t\t\t<div class=\"wpr-member-image\">\n\t\t\t\t\t<img decoding=\"async\" src=\"https:\/\/herojimostara.ba\/wp-content\/uploads\/2023\/11\/humo.jpg\" alt=\"Esad&lt;br&gt;Humo\">\n\t\t\t\t<\/div>\n\t\t\t\t\t\t\t<\/div>\n\t\t\t\t\n\t\t\n\t\t<div class=\"wpr-member-content\">\n\t\t\t<h3 class=\"wpr-member-name\">Esad<br>Humo<\/h3>\n\t\t\t\n\t\t\t\t\t\t\t<div class=\"wpr-member-job\">pukovnik<\/div>\n\t\t\t\n\t\t\t\t\t\t\t<div class=\"wpr-member-divider\"><\/div>\n\t\t\t\n\t\t\t\t\t\t\t<div class=\"wpr-member-description\">komandant 41. mtbr\n1994 - 1995.<\/div>\n\t\t\t\t\t\t\n\t\t\t\t\t<\/div>\n\n\t\t\t<\/div>\n\n\t\t\t\t\t<\/div>\n\t\t\t\t<\/div>\n\t\t\t\t\t<\/div>\n\t\t<\/div>\n\t\t\t\t<div class=\"elementor-column elementor-col-25 elementor-top-column elementor-element elementor-element-91bf4e2\" data-id=\"91bf4e2\" data-element_type=\"column\" data-e-type=\"column\">\n\t\t\t<div class=\"elementor-widget-wrap elementor-element-populated\">\n\t\t\t\t\t\t<div class=\"elementor-element elementor-element-b08dfa1 wpr-team-member-divider-center elementor-widget elementor-widget-wpr-team-member\" data-id=\"b08dfa1\" data-element_type=\"widget\" data-e-type=\"widget\" data-widget_type=\"wpr-team-member.default\">\n\t\t\t\t<div class=\"elementor-widget-container\">\n\t\t\t\t\t\n\t<div class=\"wpr-team-member\">\n\t\t\t\t\t\n\t\t\t<div class=\"wpr-member-media\">\n\t\t\t\t<div class=\"wpr-member-image\">\n\t\t\t\t\t<img decoding=\"async\" src=\"https:\/\/herojimostara.ba\/wp-content\/uploads\/2023\/11\/jelovac.jpg\" alt=\"Ramiz &lt;br&gt;Jelovac\">\n\t\t\t\t<\/div>\n\t\t\t\t\t\t\t<\/div>\n\t\t\t\t\n\t\t\n\t\t<div class=\"wpr-member-content\">\n\t\t\t<h3 class=\"wpr-member-name\">Ramiz <br>Jelovac<\/h3>\n\t\t\t\n\t\t\t\t\t\t\t<div class=\"wpr-member-job\">pukovnik<\/div>\n\t\t\t\n\t\t\t\t\t\t\t<div class=\"wpr-member-divider\"><\/div>\n\t\t\t\n\t\t\t\t\t\t\t<div class=\"wpr-member-description\">komandant 41. mtbr\n1995.<\/div>\n\t\t\t\t\t\t\n\t\t\t\t\t<\/div>\n\n\t\t\t<\/div>\n\n\t\t\t\t\t<\/div>\n\t\t\t\t<\/div>\n\t\t\t\t\t<\/div>\n\t\t<\/div>\n\t\t\t\t<div class=\"elementor-column elementor-col-25 elementor-top-column elementor-element elementor-element-b51c4ae\" data-id=\"b51c4ae\" data-element_type=\"column\" data-e-type=\"column\">\n\t\t\t<div class=\"elementor-widget-wrap elementor-element-populated\">\n\t\t\t\t\t\t<div class=\"elementor-element elementor-element-a576d32 wpr-team-member-divider-center elementor-widget elementor-widget-wpr-team-member\" data-id=\"a576d32\" data-element_type=\"widget\" data-e-type=\"widget\" data-widget_type=\"wpr-team-member.default\">\n\t\t\t\t<div class=\"elementor-widget-container\">\n\t\t\t\t\t\n\t<div class=\"wpr-team-member\">\n\t\t\t\t\t\n\t\t\t<div class=\"wpr-member-media\">\n\t\t\t\t<div class=\"wpr-member-image\">\n\t\t\t\t\t<img decoding=\"async\" src=\"https:\/\/herojimostara.ba\/wp-content\/uploads\/2023\/11\/muharemovic.jpg\" alt=\"Suad&lt;br&gt;Muharemovi\u0107\">\n\t\t\t\t<\/div>\n\t\t\t\t\t\t\t<\/div>\n\t\t\t\t\n\t\t\n\t\t<div class=\"wpr-member-content\">\n\t\t\t<h3 class=\"wpr-member-name\">Suad<br>Muharemovi\u0107<\/h3>\n\t\t\t\n\t\t\t\t\t\t\t<div class=\"wpr-member-job\">pukovnik<\/div>\n\t\t\t\n\t\t\t\t\t\t\t<div class=\"wpr-member-divider\"><\/div>\n\t\t\t\n\t\t\t\t\t\t\t<div class=\"wpr-member-description\">komandant 41. mtbr\n1995 - 1996.<\/div>\n\t\t\t\t\t\t\n\t\t\t\t\t<\/div>\n\n\t\t\t<\/div>\n\n\t\t\t\t\t<\/div>\n\t\t\t\t<\/div>\n\t\t\t\t\t<\/div>\n\t\t<\/div>\n\t\t\t\t\t<\/div>\n\t\t<\/section>\n\t\t\t\t<section class=\"elementor-section elementor-top-section elementor-element elementor-element-d0e7ca8 elementor-section-boxed elementor-section-height-default elementor-section-height-default wpr-particle-no wpr-jarallax-no wpr-parallax-no wpr-sticky-section-no wpr-equal-height-no\" data-id=\"d0e7ca8\" data-element_type=\"section\" data-e-type=\"section\" data-settings=\"{&quot;_ha_eqh_enable&quot;:false}\">\n\t\t\t\t\t\t<div class=\"elementor-container elementor-column-gap-default\">\n\t\t\t\t\t<div class=\"elementor-column elementor-col-100 elementor-top-column elementor-element elementor-element-d077e11\" data-id=\"d077e11\" data-element_type=\"column\" data-e-type=\"column\">\n\t\t\t<div class=\"elementor-widget-wrap elementor-element-populated\">\n\t\t\t\t\t\t<div class=\"elementor-element elementor-element-cca25da elementor-widget elementor-widget-text-editor\" data-id=\"cca25da\" data-element_type=\"widget\" data-e-type=\"widget\" data-widget_type=\"text-editor.default\">\n\t\t\t\t<div class=\"elementor-widget-container\">\n\t\t\t\t\t\t\t\t\t<p class=\"MsoNormal\"><span lang=\"HR\">Nakon uspje\u0161nih organizaciono-formacijskih promjena, 41. MTBR Slavna tokom oktobra 1993. godine, u svom sastavu je imala sljede\u0107e jedinice: Komandu Brigade; Komandni vod; Vod veze; Izvi\u0111a\u010dki vod; 1, 2, 3. i 4. MTB; MAD; PO\u010c; Vod PAM-ova; Jedinicu za specijalne namjene; PDV; Diverzantski vod; Specijalnu jedinicu \u201cSenke\u201d; In\u017einjerski vod; Vod ABHO, te Logisti\u010dku \u010detu.<\/span><\/p><p class=\"MsoNormal\"><span lang=\"HR\">U prvoj polovini 1995. godine dolazi do dalje transformacije i organizacijskog unapre\u0111enja struktura jedinica Armije RBiH. U tom procesu 41. MTBR je preimenovana i dobila je novi naziv &#8211; 441. motorizovana brigada Slavna. <\/span><\/p><p class=\"MsoNormal\"><span lang=\"HR\">U nastavku svog borbenog puta Brigada nije mijenjala broj\u010danu oznaku, ali je u narednom vremenu nosila oznake motorizovana, da bi kraj rata do\u010dekala pod slu\u017ebenim armijskim nazivom 441. motorizovana brigada Slavna.<\/span><\/p><p class=\"MsoNormal\"><span lang=\"HR\">Zavr\u0161etkom rata, nakon sumiranja ratnog puta 441. motorizovane brigade Slavne, koja je u tom te\u0161kom vremenu nesumnjivo bila nesalomljivi slobodarski bedem i udarna pesnica odbrane grada Mostara i \u0161ireg pojasa regije, uslijedilo je veliko priznanje zahvalnosti za pripadnike Brigade i njihovu Komandu. <\/span><\/p><p>\u00a0<\/p><p class=\"MsoNormal\"><span lang=\"HR\">Ukazom Predsjedni\u0161tva dr\u017eave, koji je potpisao komandant Armije RBiH Alija Izetbegovi\u0107, 441. motorizovana brigada ponijela je najve\u0107i po\u010dasni oreol zaslu\u017een u oslobodila\u010dkom ratu &#8211; 441. Vite\u0161ka motorizovana brigada.<\/span><\/p>\t\t\t\t\t\t\t\t<\/div>\n\t\t\t\t<\/div>\n\t\t\t\t\t<\/div>\n\t\t<\/div>\n\t\t\t\t\t<\/div>\n\t\t<\/section>\n\t\t\t\t<\/div>\n\t\t","protected":false},"excerpt":{"rendered":"<p>Formiranjem 4. korpusa Armije RBiH, nakon odluke \u0160taba Vrhovne komande oru\u017eanih snaga BiH (broj 02\/1091.304 od 17. 11. 1992. godine), Naredbom komandanta 4. korpusa Arifa Pa\u0161ali\u0107a (broj 1065-1 od 24. 11. 1992. godine) Prva mostarska brigada ulazi u njegov sastav. Nakon Naredbe o ulasku Brigade u strukture i sastav 4. korpusa, uslijedila je Naredba komandanta 4. korpusa ARBiH o novom unutra\u0161njem organizacijskom ustrojstvu Brigade i njoj pot\u010dinjenih jedinica. Organizacijskim ustrojstvom ARBiH, odnosno jedinica 4. korpusa, Prva mostarska brigada je u aprilu 1993. godine preimenovana u 41. motorizovanu brigadu, kada dobija i po\u010dasni naziv Slavna. Komandanti 41. Slavne mtbr SemirDrljevi\u0107 brigadir komandant 41. mtbr 1993. EsadHumo pukovnik komandant 41. mtbr 1994 &#8211; 1995. Ramiz Jelovac pukovnik komandant 41. mtbr 1995. SuadMuharemovi\u0107 pukovnik komandant 41. mtbr 1995 &#8211; 1996. Nakon uspje\u0161nih organizaciono-formacijskih promjena, 41. MTBR Slavna tokom oktobra 1993. godine, u svom sastavu je imala sljede\u0107e jedinice: Komandu Brigade; Komandni vod; Vod veze; Izvi\u0111a\u010dki vod; 1, 2, 3. i 4. MTB; MAD; PO\u010c; Vod PAM-ova; Jedinicu za specijalne namjene; PDV; Diverzantski vod; Specijalnu jedinicu \u201cSenke\u201d; In\u017einjerski vod; Vod ABHO, te Logisti\u010dku \u010detu. U prvoj polovini 1995. godine dolazi do dalje transformacije i organizacijskog unapre\u0111enja struktura jedinica Armije RBiH. U tom procesu 41. MTBR je preimenovana i dobila je novi naziv &#8211; 441. motorizovana brigada Slavna. U nastavku svog borbenog puta Brigada nije mijenjala broj\u010danu oznaku, ali je u narednom vremenu nosila oznake motorizovana, da bi kraj rata do\u010dekala pod slu\u017ebenim armijskim nazivom 441. motorizovana brigada Slavna. Zavr\u0161etkom rata, nakon sumiranja ratnog puta 441. motorizovane brigade Slavne, koja je u tom te\u0161kom vremenu nesumnjivo bila nesalomljivi slobodarski bedem i udarna pesnica odbrane grada Mostara i \u0161ireg pojasa regije, uslijedilo je veliko priznanje zahvalnosti za pripadnike Brigade i njihovu Komandu. \u00a0 Ukazom Predsjedni\u0161tva dr\u017eave, koji je potpisao komandant Armije RBiH Alija Izetbegovi\u0107, 441. motorizovana brigada ponijela je najve\u0107i po\u010dasni oreol zaslu\u017een u oslobodila\u010dkom ratu &#8211; 441. Vite\u0161ka motorizovana brigada.<\/p>\n","protected":false},"author":4,"featured_media":0,"comment_status":"closed","ping_status":"closed","sticky":false,"template":"","format":"standard","meta":{"footnotes":""},"categories":[9],"tags":[],"class_list":["post-2980","post","type-post","status-publish","format-standard","hentry","category-jedinice"],"aioseo_notices":[],"_links":{"self":[{"href":"https:\/\/herojimostara.ba\/index.php?rest_route=\/wp\/v2\/posts\/2980","targetHints":{"allow":["GET"]}}],"collection":[{"href":"https:\/\/herojimostara.ba\/index.php?rest_route=\/wp\/v2\/posts"}],"about":[{"href":"https:\/\/herojimostara.ba\/index.php?rest_route=\/wp\/v2\/types\/post"}],"author":[{"embeddable":true,"href":"https:\/\/herojimostara.ba\/index.php?rest_route=\/wp\/v2\/users\/4"}],"replies":[{"embeddable":true,"href":"https:\/\/herojimostara.ba\/index.php?rest_route=%2Fwp%2Fv2%2Fcomments&post=2980"}],"version-history":[{"count":10,"href":"https:\/\/herojimostara.ba\/index.php?rest_route=\/wp\/v2\/posts\/2980\/revisions"}],"predecessor-version":[{"id":3523,"href":"https:\/\/herojimostara.ba\/index.php?rest_route=\/wp\/v2\/posts\/2980\/revisions\/3523"}],"wp:attachment":[{"href":"https:\/\/herojimostara.ba\/index.php?rest_route=%2Fwp%2Fv2%2Fmedia&parent=2980"}],"wp:term":[{"taxonomy":"category","embeddable":true,"href":"https:\/\/herojimostara.ba\/index.php?rest_route=%2Fwp%2Fv2%2Fcategories&post=2980"},{"taxonomy":"post_tag","embeddable":true,"href":"https:\/\/herojimostara.ba\/index.php?rest_route=%2Fwp%2Fv2%2Ftags&post=2980"}],"curies":[{"name":"wp","href":"https:\/\/api.w.org\/{rel}","templated":true}]}}